{"id":9590,"date":"2023-03-28T16:30:31","date_gmt":"2023-03-28T14:30:31","guid":{"rendered":"https:\/\/vouille86.fr\/mairie\/?p=9590"},"modified":"2023-03-28T16:30:31","modified_gmt":"2023-03-28T14:30:31","slug":"retour-sur-la-reunion-publique-amenagement-de-la-rue-gambetta","status":"publish","type":"post","link":"https:\/\/vouille86.fr\/mairie\/retour-sur-la-reunion-publique-amenagement-de-la-rue-gambetta\/","title":{"rendered":"Retour sur la r\u00e9union publique \u00ab\u00a0Am\u00e9nagement de la rue Gambetta\u00a0\u00bb"},"content":{"rendered":"<div dir=\"auto\">Pr\u00e8s d\u2019une centaine de personnes \u00e9taient pr\u00e9sentes ce lundi 27 mars \u00e0 l&rsquo;occasion de la r\u00e9union publique sur l&rsquo;am\u00e9nagement de la rue Gambetta, \u00e0 la salle polyvalente.<\/div>\n<div dir=\"auto\">Franck Buffeteau, architecte, urbaniste, et metteur en sc\u00e8ne, Pierre Blondiaux, paysagiste-concepteur, et Fabien Patrier, responsable du bureau d\u2019\u00e9tude IPA VRD ont pr\u00e9sent\u00e9 les am\u00e9nagements programm\u00e9s, suite \u00e0 une dizaine de r\u00e9unions participatives, \u00e0 l&rsquo;occasion desquelles les riverains ont pu faire part de leurs interrogations, mais aussi de leurs propositions. La requalification de la rue Gambetta r\u00e9pond tout d&rsquo;abord \u00e0 des exigences de s\u00e9curisation de la circulation des pi\u00e9tons et des cyclistes, mais aussi \u00e0 la volont\u00e9 d&#8217;embellir l&rsquo;espace urbain, en donnant plus de place \u00e0 la nature.<\/div>\n<div dir=\"auto\"><\/div>\n<div dir=\"auto\">Parmi les questions soulev\u00e9es par le public, des r\u00e9ponses ont \u00e9t\u00e9 apport\u00e9es sur les questions de stationnement, la fr\u00e9quentation des commerces, les risques d&rsquo;humidit\u00e9 li\u00e9es aux plantations des pieds de mur, la suppression des nuisances sonores des plaques de voirie, le report de la circulation sur d&rsquo;autres axes&#8230;<\/div>\n<div dir=\"auto\"><\/div>\n<div dir=\"auto\">La rue sera trait\u00e9e en deux tron\u00e7ons diff\u00e9rents : le bas en zone partag\u00e9e (vitesse maximale de 20 km\/h) jusqu&rsquo;\u00e0 la rue du Coquet, la partie haute en zone 30, avec des trottoirs et des voies cyclables.<\/div>\n<div dir=\"auto\">Les sens de circulation ne seront pas modifi\u00e9s, y compris rue du Puits Chiez et rue du Ch\u00eane Vert.<\/div>\n<div dir=\"auto\"><\/div>\n<div dir=\"auto\">M. Eric MARTIN, Maire, a pr\u00e9cis\u00e9 en cl\u00f4ture de la r\u00e9union que le projet \u00e9tait estim\u00e9 \u00e0 800 000 \u20ac Hors Taxes, et que la commune \u00e9tait en mesure de le financer sans augmenter la fiscalit\u00e9.<\/div>\n<div dir=\"auto\">Les travaux d\u00e9buteront par le remplacement des r\u00e9seaux d&rsquo;adduction d&rsquo;eau potable par Eaux de Vienne, programm\u00e9s de mai \u00e0 octobre 2023. Des travaux d&rsquo;enfouissement \u00e9lectrique et de r\u00e9seaux de t\u00e9l\u00e9communication sont \u00e9galement pr\u00e9vus par SRD, \u00e0 cette p\u00e9riode sur la partie haute de la rue. Les march\u00e9s de travaux d&rsquo;am\u00e9nagement seront lanc\u00e9s en fin d&rsquo;ann\u00e9e pour une r\u00e9alisation en 2024.<\/div>\n","protected":false},"excerpt":{"rendered":"<p>Pr\u00e8s d\u2019une centaine de personnes \u00e9taient pr\u00e9sentes ce lundi 27 mars \u00e0 l&rsquo;occasion de la r\u00e9union publique sur l&rsquo;am\u00e9nagement de la rue Gambetta, \u00e0 la salle polyvalente. Franck Buffeteau, architecte, urbaniste, et metteur en sc\u00e8ne, Pierre Blondiaux, paysagiste-concepteur, et Fabien Patrier, responsable du bureau d\u2019\u00e9tude IPA VRD ont pr\u00e9sent\u00e9 les am\u00e9nagements programm\u00e9s, suite \u00e0 une&#8230;<\/p>\n","protected":false},"author":2,"featured_media":9473,"comment_status":"open","ping_status":"open","sticky":false,"template":"","format":"standard","meta":{"_acf_changed":false,"footnotes":""},"categories":[14],"tags":[],"class_list":["post-9590","post","type-post","status-publish","format-standard","has-post-thumbnail","hentry","category-actualite"],"acf":[],"_links":{"self":[{"href":"https:\/\/vouille86.fr\/mairie\/wp-json\/wp\/v2\/posts\/9590","targetHints":{"allow":["GET"]}}],"collection":[{"href":"https:\/\/vouille86.fr\/mairie\/wp-json\/wp\/v2\/posts"}],"about":[{"href":"https:\/\/vouille86.fr\/mairie\/wp-json\/wp\/v2\/types\/post"}],"author":[{"embeddable":true,"href":"https:\/\/vouille86.fr\/mairie\/wp-json\/wp\/v2\/users\/2"}],"replies":[{"embeddable":true,"href":"https:\/\/vouille86.fr\/mairie\/wp-json\/wp\/v2\/comments?post=9590"}],"version-history":[{"count":1,"href":"https:\/\/vouille86.fr\/mairie\/wp-json\/wp\/v2\/posts\/9590\/revisions"}],"predecessor-version":[{"id":9591,"href":"https:\/\/vouille86.fr\/mairie\/wp-json\/wp\/v2\/posts\/9590\/revisions\/9591"}],"wp:featuredmedia":[{"embeddable":true,"href":"https:\/\/vouille86.fr\/mairie\/wp-json\/wp\/v2\/media\/9473"}],"wp:attachment":[{"href":"https:\/\/vouille86.fr\/mairie\/wp-json\/wp\/v2\/media?parent=9590"}],"wp:term":[{"taxonomy":"category","embeddable":true,"href":"https:\/\/vouille86.fr\/mairie\/wp-json\/wp\/v2\/categories?post=9590"},{"taxonomy":"post_tag","embeddable":true,"href":"https:\/\/vouille86.fr\/mairie\/wp-json\/wp\/v2\/tags?post=9590"}],"curies":[{"name":"wp","href":"https:\/\/api.w.org\/{rel}","templated":true}]}}