{"id":14913,"date":"2026-08-28T13:56:54","date_gmt":"2026-08-28T11:56:54","guid":{"rendered":"https:\/\/vouille86.fr\/mairie\/?p=14913"},"modified":"2026-08-28T13:56:54","modified_gmt":"2026-08-28T11:56:54","slug":"creons-du-neuf-avec-de-la-recup","status":"publish","type":"post","link":"https:\/\/vouille86.fr\/mairie\/creons-du-neuf-avec-de-la-recup\/","title":{"rendered":"Cr\u00e9ons du neuf avec de la r\u00e9cup !"},"content":{"rendered":"<p>Atelier Cr\u00e9atif \u00ab Cr\u00e9ons du neuf avec de la r\u00e9cup ! \u00bb cr\u00e9ation d&rsquo;un sac \u00e0 vrac, Anim\u00e9 par 2 Techniciennes d\u2019intervention sociale et familiale en partenariat avec le Centre socio culturel, gratuit sur inscription.<\/p>\n","protected":false},"excerpt":{"rendered":"<p>Atelier Cr\u00e9atif \u00ab Cr\u00e9ons du neuf avec de la r\u00e9cup ! \u00bb cr\u00e9ation d&rsquo;un sac \u00e0 vrac, Anim\u00e9 par 2 Techniciennes d\u2019intervention sociale et familiale en partenariat avec le Centre socio culturel, gratuit sur inscription.<\/p>\n","protected":false},"author":2,"featured_media":12201,"comment_status":"open","ping_status":"open","sticky":false,"template":"","format":"standard","meta":{"_acf_changed":false,"footnotes":""},"categories":[15],"tags":[],"class_list":["post-14913","post","type-post","status-publish","format-standard","has-post-thumbnail","hentry","category-agenda"],"acf":{"date_agenda":"1789084800","date_de_fin":"20260911","heure_agenda":"09:00:00","lieu_agenda":"Centre socio culturel la Case 4 rue du stade","tarif_agenda":"Non renseign\u00e9","contact_agenda":"","telephone_agenda":"06 79 85 76 35","site_internet":""},"_links":{"self":[{"href":"https:\/\/vouille86.fr\/mairie\/wp-json\/wp\/v2\/posts\/14913","targetHints":{"allow":["GET"]}}],"collection":[{"href":"https:\/\/vouille86.fr\/mairie\/wp-json\/wp\/v2\/posts"}],"about":[{"href":"https:\/\/vouille86.fr\/mairie\/wp-json\/wp\/v2\/types\/post"}],"author":[{"embeddable":true,"href":"https:\/\/vouille86.fr\/mairie\/wp-json\/wp\/v2\/users\/2"}],"replies":[{"embeddable":true,"href":"https:\/\/vouille86.fr\/mairie\/wp-json\/wp\/v2\/comments?post=14913"}],"version-history":[{"count":1,"href":"https:\/\/vouille86.fr\/mairie\/wp-json\/wp\/v2\/posts\/14913\/revisions"}],"predecessor-version":[{"id":14914,"href":"https:\/\/vouille86.fr\/mairie\/wp-json\/wp\/v2\/posts\/14913\/revisions\/14914"}],"wp:featuredmedia":[{"embeddable":true,"href":"https:\/\/vouille86.fr\/mairie\/wp-json\/wp\/v2\/media\/12201"}],"wp:attachment":[{"href":"https:\/\/vouille86.fr\/mairie\/wp-json\/wp\/v2\/media?parent=14913"}],"wp:term":[{"taxonomy":"category","embeddable":true,"href":"https:\/\/vouille86.fr\/mairie\/wp-json\/wp\/v2\/categories?post=14913"},{"taxonomy":"post_tag","embeddable":true,"href":"https:\/\/vouille86.fr\/mairie\/wp-json\/wp\/v2\/tags?post=14913"}],"curies":[{"name":"wp","href":"https:\/\/api.w.org\/{rel}","templated":true}]}}