{"id":14430,"date":"2026-04-30T14:37:41","date_gmt":"2026-04-30T12:37:41","guid":{"rendered":"https:\/\/vouille86.fr\/mairie\/?p=14430"},"modified":"2026-04-30T14:37:41","modified_gmt":"2026-04-30T12:37:41","slug":"vide-grenier-2","status":"publish","type":"post","link":"https:\/\/vouille86.fr\/mairie\/vide-grenier-2\/","title":{"rendered":"Vide grenier"},"content":{"rendered":"<p>Dimanche 31 mai : Vide grenier centre bourg, organis\u00e9 par le Comit\u00e9 des f\u00eates<\/p>\n","protected":false},"excerpt":{"rendered":"<p>Dimanche 31 mai : Vide grenier centre bourg, organis\u00e9 par le Comit\u00e9 des f\u00eates<\/p>\n","protected":false},"author":2,"featured_media":14431,"comment_status":"open","ping_status":"open","sticky":false,"template":"","format":"standard","meta":{"_acf_changed":false,"footnotes":""},"categories":[15],"tags":[],"class_list":["post-14430","post","type-post","status-publish","format-standard","has-post-thumbnail","hentry","category-agenda"],"acf":{"date_agenda":"1780185600","date_de_fin":"20260531","heure_agenda":"08:00:00","lieu_agenda":"Centre bourg","tarif_agenda":"Non renseign\u00e9","contact_agenda":"","telephone_agenda":"","site_internet":""},"_links":{"self":[{"href":"https:\/\/vouille86.fr\/mairie\/wp-json\/wp\/v2\/posts\/14430","targetHints":{"allow":["GET"]}}],"collection":[{"href":"https:\/\/vouille86.fr\/mairie\/wp-json\/wp\/v2\/posts"}],"about":[{"href":"https:\/\/vouille86.fr\/mairie\/wp-json\/wp\/v2\/types\/post"}],"author":[{"embeddable":true,"href":"https:\/\/vouille86.fr\/mairie\/wp-json\/wp\/v2\/users\/2"}],"replies":[{"embeddable":true,"href":"https:\/\/vouille86.fr\/mairie\/wp-json\/wp\/v2\/comments?post=14430"}],"version-history":[{"count":1,"href":"https:\/\/vouille86.fr\/mairie\/wp-json\/wp\/v2\/posts\/14430\/revisions"}],"predecessor-version":[{"id":14432,"href":"https:\/\/vouille86.fr\/mairie\/wp-json\/wp\/v2\/posts\/14430\/revisions\/14432"}],"wp:featuredmedia":[{"embeddable":true,"href":"https:\/\/vouille86.fr\/mairie\/wp-json\/wp\/v2\/media\/14431"}],"wp:attachment":[{"href":"https:\/\/vouille86.fr\/mairie\/wp-json\/wp\/v2\/media?parent=14430"}],"wp:term":[{"taxonomy":"category","embeddable":true,"href":"https:\/\/vouille86.fr\/mairie\/wp-json\/wp\/v2\/categories?post=14430"},{"taxonomy":"post_tag","embeddable":true,"href":"https:\/\/vouille86.fr\/mairie\/wp-json\/wp\/v2\/tags?post=14430"}],"curies":[{"name":"wp","href":"https:\/\/api.w.org\/{rel}","templated":true}]}}