{"id":14413,"date":"2026-04-27T16:04:31","date_gmt":"2026-04-27T14:04:31","guid":{"rendered":"https:\/\/vouille86.fr\/mairie\/?p=14413"},"modified":"2026-04-27T16:04:49","modified_gmt":"2026-04-27T14:04:49","slug":"animations-lectures-au-creux-de-loreille-pour-les-plus-de-3-ans","status":"publish","type":"post","link":"https:\/\/vouille86.fr\/mairie\/animations-lectures-au-creux-de-loreille-pour-les-plus-de-3-ans\/","title":{"rendered":"Animations lectures : Au creux de l&rsquo;oreille (pour les plus de 3 ans)"},"content":{"rendered":"<p>16h15-17h00<\/p>\n<p>M\u00e9diath\u00e8que.<\/p>\n<p>Des lectures d\u2019histoires pour entrevoir d\u2019autres vies, apprendre \u00e0 \u00eatre curieux, ouvert d\u2019esprit et comprendre le monde qui nous entoure. En plus de passer un bon moment avec d&rsquo;autres enfants, ces temps d&rsquo;histoires sont des moments privil\u00e9gi\u00e9s o\u00f9 les enfants peuvent laisser aller et stimuler leur imaginaire.Un go\u00fbter sera offert aux participants.Sur inscription pour les 3 ans et plus.Vous pouvez d\u00e9sormais vous inscrire directement en ligne via l\u2019agenda du site internet (et toujours par mail ou t\u00e9l\u00e9phone).<\/p>\n","protected":false},"excerpt":{"rendered":"<p>16h15-17h00 M\u00e9diath\u00e8que. Des lectures d\u2019histoires pour entrevoir d\u2019autres vies, apprendre \u00e0 \u00eatre curieux, ouvert d\u2019esprit et comprendre le monde qui nous entoure. En plus de passer un bon moment avec d&rsquo;autres enfants, ces temps d&rsquo;histoires sont des moments privil\u00e9gi\u00e9s o\u00f9 les enfants peuvent laisser aller et stimuler leur imaginaire.Un go\u00fbter sera offert aux participants.Sur inscription&#8230;<\/p>\n","protected":false},"author":2,"featured_media":6476,"comment_status":"open","ping_status":"open","sticky":false,"template":"","format":"standard","meta":{"_acf_changed":false,"footnotes":""},"categories":[15],"tags":[],"class_list":["post-14413","post","type-post","status-publish","format-standard","has-post-thumbnail","hentry","category-agenda"],"acf":{"date_agenda":"1781654400","date_de_fin":"20260617","heure_agenda":"16:15:00","lieu_agenda":"M\u00e9diath\u00e8que","tarif_agenda":"Gratuit","contact_agenda":"mediatek2vouille@gmail.com","telephone_agenda":"05-49-54-43-86","site_internet":"https:\/\/bibliotheques-hautpoitou.departement86.fr\/"},"_links":{"self":[{"href":"https:\/\/vouille86.fr\/mairie\/wp-json\/wp\/v2\/posts\/14413","targetHints":{"allow":["GET"]}}],"collection":[{"href":"https:\/\/vouille86.fr\/mairie\/wp-json\/wp\/v2\/posts"}],"about":[{"href":"https:\/\/vouille86.fr\/mairie\/wp-json\/wp\/v2\/types\/post"}],"author":[{"embeddable":true,"href":"https:\/\/vouille86.fr\/mairie\/wp-json\/wp\/v2\/users\/2"}],"replies":[{"embeddable":true,"href":"https:\/\/vouille86.fr\/mairie\/wp-json\/wp\/v2\/comments?post=14413"}],"version-history":[{"count":1,"href":"https:\/\/vouille86.fr\/mairie\/wp-json\/wp\/v2\/posts\/14413\/revisions"}],"predecessor-version":[{"id":14414,"href":"https:\/\/vouille86.fr\/mairie\/wp-json\/wp\/v2\/posts\/14413\/revisions\/14414"}],"wp:featuredmedia":[{"embeddable":true,"href":"https:\/\/vouille86.fr\/mairie\/wp-json\/wp\/v2\/media\/6476"}],"wp:attachment":[{"href":"https:\/\/vouille86.fr\/mairie\/wp-json\/wp\/v2\/media?parent=14413"}],"wp:term":[{"taxonomy":"category","embeddable":true,"href":"https:\/\/vouille86.fr\/mairie\/wp-json\/wp\/v2\/categories?post=14413"},{"taxonomy":"post_tag","embeddable":true,"href":"https:\/\/vouille86.fr\/mairie\/wp-json\/wp\/v2\/tags?post=14413"}],"curies":[{"name":"wp","href":"https:\/\/api.w.org\/{rel}","templated":true}]}}