{"id":14411,"date":"2026-04-27T16:02:30","date_gmt":"2026-04-27T14:02:30","guid":{"rendered":"https:\/\/vouille86.fr\/mairie\/?p=14411"},"modified":"2026-04-27T16:02:30","modified_gmt":"2026-04-27T14:02:30","slug":"vouille-en-fete","status":"publish","type":"post","link":"https:\/\/vouille86.fr\/mairie\/vouille-en-fete\/","title":{"rendered":"Vouill\u00e9 en f\u00eate"},"content":{"rendered":"<h4>Vendredi 12 juin<\/h4>\n<p>D\u00e8s 17h00 | Square Alaric<br \/>\nAnimations<strong> gratuites pour les familles<\/strong> (man\u00e8ge, jeux en bois&#8230;), <strong>spectacles en d\u00e9ambulation avec Imperial Kikiristan (fanfare) et Slash In the Air (dresseur de bulles)<\/strong> et bien d&rsquo;autres surprises !<\/p>\n<p>21h00 | Square Alaric<br \/>\n<strong>Spectacle \u00ab\u00a0Fly Me to the Moon<\/strong>*\u00a0\u00bb par la Compagnie Leandre<br \/>\nLa r\u00e9f\u00e9rence du clown en Europe pose ses valises \u00e0 Vouill\u00e9 avec son spectacle \u00ab\u00a0Fly me to the moon*\u00a0\u00bb. Un voyage tout en po\u00e9sie de deux clowns vers la lune.<\/p>\n<p><em>*Emm\u00e8nes moi sur la lune<\/em><\/p>\n<h4>Samedi 13 juin<br \/>\nA partir de 14h30 | Centre bourg<\/h4>\n<p>Animations gratuites : man\u00e8ge, jeux en bois, balade en cal\u00e8che, maquillage&#8230;<\/p>\n<p>Baladez-vous et profitez de spectacles en d\u00e9ambulation :<\/p>\n<p><strong>Fanfare Imperial Kikiristan<\/strong> (orchestre)<\/p>\n<p><strong>Slash In the Air<\/strong> (dresseur de bulles)<\/p>\n<p>Riez et amusez-vous le temps d&rsquo;un spectacle :<\/p>\n<p><strong>Opus Frigo (th\u00e9\u00e2tre de rue &#8211; clown) :<\/strong> Frigo, le clown au nez noir, personnage corrosif et attachant, s&rsquo;\u00e9prend d&rsquo;un projet aussi vital qu&rsquo;absurde : s&rsquo;envoyer en l&rsquo;air.<\/p>\n<p><strong>Les Sympatifs (musique) :<\/strong> Avec leur sono mobile et leur carriole musicale, ils se baladent, s&rsquo;arr\u00eatent, chantent et font participer petits et grands.<\/p>\n<p><strong>La Cantine des Scouts (musique) : <\/strong>Autour d&rsquo;un menu d&rsquo;une soixantaine de chansons, le public choisit la musique<br \/>\net chante en coeur.<\/p>\n<p><strong>Ne manquez pas le spectacle phare pour c\u00e9l\u00e9brer les \u00ab\u00a050 ans de La CASE\u00a0\u00bb !<\/strong><\/p>\n<p><strong>Les Urbaindig\u00e8nes \u2013 Chantier<\/strong> (th\u00e9\u00e2tre de rue acrobatique et construction) : construction de la Maison des Habitants. Une exp\u00e9rience collaborative, o\u00f9 acteurs et public vont tenter l\u2019aventure d\u2019une d\u00e9mocratie par le faire.<\/p>\n<p>Cette manifestation gratuite, orchestr\u00e9e par un collectif compos\u00e9 de La CASE, de la Commune et d&rsquo;habitants b\u00e9n\u00e9voles, b\u00e9n\u00e9ficie du soutien de la Commune de Vouill\u00e9 et de nombreux partenaires : Communaut\u00e9 de communes du Haut-Poitou, D\u00e9partement de la Vienne&#8230;<\/p>\n<h5>Appel \u00e0 b\u00e9n\u00e9voles !<\/h5>\n<p>Le centre socioculturel recherche des habitants pour participer \u00e0 l&rsquo;h\u00e9bergement et \u00e0 la restauration des 25 artistes pr\u00e9sents pendant la dur\u00e9e du festival. Toute aide est \u00e9galement la bienvenue dans la pr\u00e9paration de cet \u00e9v\u00e8nement !<br \/>\nInfos aupr\u00e8s de La CASE : 05 49 51 49 92<\/p>\n<p>&nbsp;<\/p>\n","protected":false},"excerpt":{"rendered":"<p>Vendredi 12 juin D\u00e8s 17h00 | Square Alaric Animations gratuites pour les familles (man\u00e8ge, jeux en bois&#8230;), spectacles en d\u00e9ambulation avec Imperial Kikiristan (fanfare) et Slash In the Air (dresseur de bulles) et bien d&rsquo;autres surprises ! 21h00 | Square Alaric Spectacle \u00ab\u00a0Fly Me to the Moon*\u00a0\u00bb par la Compagnie Leandre La r\u00e9f\u00e9rence du clown&#8230;<\/p>\n","protected":false},"author":2,"featured_media":12201,"comment_status":"open","ping_status":"open","sticky":false,"template":"","format":"standard","meta":{"_acf_changed":false,"footnotes":""},"categories":[15],"tags":[],"class_list":["post-14411","post","type-post","status-publish","format-standard","has-post-thumbnail","hentry","category-agenda"],"acf":{"date_agenda":"1781222400","date_de_fin":"20260613","heure_agenda":"17:00:00","lieu_agenda":"Centre bourg","tarif_agenda":"Gratuit","contact_agenda":"","telephone_agenda":"","site_internet":""},"_links":{"self":[{"href":"https:\/\/vouille86.fr\/mairie\/wp-json\/wp\/v2\/posts\/14411","targetHints":{"allow":["GET"]}}],"collection":[{"href":"https:\/\/vouille86.fr\/mairie\/wp-json\/wp\/v2\/posts"}],"about":[{"href":"https:\/\/vouille86.fr\/mairie\/wp-json\/wp\/v2\/types\/post"}],"author":[{"embeddable":true,"href":"https:\/\/vouille86.fr\/mairie\/wp-json\/wp\/v2\/users\/2"}],"replies":[{"embeddable":true,"href":"https:\/\/vouille86.fr\/mairie\/wp-json\/wp\/v2\/comments?post=14411"}],"version-history":[{"count":1,"href":"https:\/\/vouille86.fr\/mairie\/wp-json\/wp\/v2\/posts\/14411\/revisions"}],"predecessor-version":[{"id":14412,"href":"https:\/\/vouille86.fr\/mairie\/wp-json\/wp\/v2\/posts\/14411\/revisions\/14412"}],"wp:featuredmedia":[{"embeddable":true,"href":"https:\/\/vouille86.fr\/mairie\/wp-json\/wp\/v2\/media\/12201"}],"wp:attachment":[{"href":"https:\/\/vouille86.fr\/mairie\/wp-json\/wp\/v2\/media?parent=14411"}],"wp:term":[{"taxonomy":"category","embeddable":true,"href":"https:\/\/vouille86.fr\/mairie\/wp-json\/wp\/v2\/categories?post=14411"},{"taxonomy":"post_tag","embeddable":true,"href":"https:\/\/vouille86.fr\/mairie\/wp-json\/wp\/v2\/tags?post=14411"}],"curies":[{"name":"wp","href":"https:\/\/api.w.org\/{rel}","templated":true}]}}