{"id":14409,"date":"2026-04-27T15:57:22","date_gmt":"2026-04-27T13:57:22","guid":{"rendered":"https:\/\/vouille86.fr\/mairie\/?p=14409"},"modified":"2026-04-27T15:57:22","modified_gmt":"2026-04-27T13:57:22","slug":"atelier-eveil-yoga-des-tout-petits-2","status":"publish","type":"post","link":"https:\/\/vouille86.fr\/mairie\/atelier-eveil-yoga-des-tout-petits-2\/","title":{"rendered":"Atelier \u00e9veil : Yoga des tout-petits"},"content":{"rendered":"<p>Atelier par Marion Cuviller, professeure de Yoga<\/p>\n<p>10h00-11h00<\/p>\n<p>M\u00e9diath\u00e8que de Vouill\u00e9<\/p>\n<p>Du Yoga pour les tout-petits ? Oui, et c&rsquo;est m\u00eame id\u00e9al pour leur d\u00e9veloppement psycho-moteur !<br \/>\nD\u00e8s leur plus jeune \u00e2ge, les enfants peuvent d\u00e9couvrir le Yoga \u00e0 travers des mouvements ludiques, des histoires, de la respiration et de la relaxation,\u00a0pour explorer leur corps, leurs sens et leur motricit\u00e9. Venez partager un moment de d\u00e9tente, de tendresse et d&rsquo;amusement. Les doudous sont les bienvenus ! Pr\u00e9voyez d&rsquo;\u00eatre v\u00eatus d&rsquo;une tenue confortable pour bouger. Sur inscription pour les enfants de 8 mois \u00e0 3 ans.<\/p>\n","protected":false},"excerpt":{"rendered":"<p>Atelier par Marion Cuviller, professeure de Yoga 10h00-11h00 M\u00e9diath\u00e8que de Vouill\u00e9 Du Yoga pour les tout-petits ? Oui, et c&rsquo;est m\u00eame id\u00e9al pour leur d\u00e9veloppement psycho-moteur ! D\u00e8s leur plus jeune \u00e2ge, les enfants peuvent d\u00e9couvrir le Yoga \u00e0 travers des mouvements ludiques, des histoires, de la respiration et de la relaxation,\u00a0pour explorer leur corps,&#8230;<\/p>\n","protected":false},"author":2,"featured_media":14384,"comment_status":"open","ping_status":"open","sticky":false,"template":"","format":"standard","meta":{"_acf_changed":false,"footnotes":""},"categories":[15],"tags":[],"class_list":["post-14409","post","type-post","status-publish","format-standard","has-post-thumbnail","hentry","category-agenda"],"acf":{"date_agenda":"1781049600","date_de_fin":"20260610","heure_agenda":"10:00:00","lieu_agenda":"M\u00e9diath\u00e8que de Vouill\u00e9","tarif_agenda":"Gratuit sur inscription","contact_agenda":"mediatek2vouille@gmail.com","telephone_agenda":"05-49-54-43-86","site_internet":"https:\/\/bibliotheques-hautpoitou.departement86.fr\/"},"_links":{"self":[{"href":"https:\/\/vouille86.fr\/mairie\/wp-json\/wp\/v2\/posts\/14409","targetHints":{"allow":["GET"]}}],"collection":[{"href":"https:\/\/vouille86.fr\/mairie\/wp-json\/wp\/v2\/posts"}],"about":[{"href":"https:\/\/vouille86.fr\/mairie\/wp-json\/wp\/v2\/types\/post"}],"author":[{"embeddable":true,"href":"https:\/\/vouille86.fr\/mairie\/wp-json\/wp\/v2\/users\/2"}],"replies":[{"embeddable":true,"href":"https:\/\/vouille86.fr\/mairie\/wp-json\/wp\/v2\/comments?post=14409"}],"version-history":[{"count":1,"href":"https:\/\/vouille86.fr\/mairie\/wp-json\/wp\/v2\/posts\/14409\/revisions"}],"predecessor-version":[{"id":14410,"href":"https:\/\/vouille86.fr\/mairie\/wp-json\/wp\/v2\/posts\/14409\/revisions\/14410"}],"wp:featuredmedia":[{"embeddable":true,"href":"https:\/\/vouille86.fr\/mairie\/wp-json\/wp\/v2\/media\/14384"}],"wp:attachment":[{"href":"https:\/\/vouille86.fr\/mairie\/wp-json\/wp\/v2\/media?parent=14409"}],"wp:term":[{"taxonomy":"category","embeddable":true,"href":"https:\/\/vouille86.fr\/mairie\/wp-json\/wp\/v2\/categories?post=14409"},{"taxonomy":"post_tag","embeddable":true,"href":"https:\/\/vouille86.fr\/mairie\/wp-json\/wp\/v2\/tags?post=14409"}],"curies":[{"name":"wp","href":"https:\/\/api.w.org\/{rel}","templated":true}]}}