{"id":14404,"date":"2026-04-27T15:54:48","date_gmt":"2026-04-27T13:54:48","guid":{"rendered":"https:\/\/vouille86.fr\/mairie\/?p=14404"},"modified":"2026-04-27T15:54:48","modified_gmt":"2026-04-27T13:54:48","slug":"rencontres-parents-moins-ecrans","status":"publish","type":"post","link":"https:\/\/vouille86.fr\/mairie\/rencontres-parents-moins-ecrans\/","title":{"rendered":"Rencontres parents \u00ab Moins d\u2019\u00e9crans, plus d\u2019interactions \u00bb"},"content":{"rendered":"<p>Samedi 6 juin : Rencontres parents \u00ab Moins d\u2019\u00e9crans, plus d\u2019interactions \u00bb la place des \u00e9crans dans notre quotidien<\/p>\n<p>10h-12h, salle de r\u00e9union de l&rsquo;antenne de Vouill\u00e9 de la Communaut\u00e9 de communes du Haut-Poitou<\/p>\n<p>&nbsp;<\/p>\n<p>&nbsp;<\/p>\n","protected":false},"excerpt":{"rendered":"<p>Samedi 6 juin : Rencontres parents \u00ab Moins d\u2019\u00e9crans, plus d\u2019interactions \u00bb la place des \u00e9crans dans notre quotidien 10h-12h, salle de r\u00e9union de l&rsquo;antenne de Vouill\u00e9 de la Communaut\u00e9 de communes du Haut-Poitou &nbsp; &nbsp;<\/p>\n","protected":false},"author":2,"featured_media":14405,"comment_status":"open","ping_status":"open","sticky":false,"template":"","format":"standard","meta":{"_acf_changed":false,"footnotes":""},"categories":[15],"tags":[],"class_list":["post-14404","post","type-post","status-publish","format-standard","has-post-thumbnail","hentry","category-agenda"],"acf":{"date_agenda":"1780704000","date_de_fin":"20260606","heure_agenda":"10:00:00","lieu_agenda":"2 Basses Rues 86190 Vouill\u00e9","tarif_agenda":"Atelier gratuit sur inscription","contact_agenda":"coordination@cptsalienoropoitou.fr","telephone_agenda":"07.45.87.27.70 ","site_internet":""},"_links":{"self":[{"href":"https:\/\/vouille86.fr\/mairie\/wp-json\/wp\/v2\/posts\/14404","targetHints":{"allow":["GET"]}}],"collection":[{"href":"https:\/\/vouille86.fr\/mairie\/wp-json\/wp\/v2\/posts"}],"about":[{"href":"https:\/\/vouille86.fr\/mairie\/wp-json\/wp\/v2\/types\/post"}],"author":[{"embeddable":true,"href":"https:\/\/vouille86.fr\/mairie\/wp-json\/wp\/v2\/users\/2"}],"replies":[{"embeddable":true,"href":"https:\/\/vouille86.fr\/mairie\/wp-json\/wp\/v2\/comments?post=14404"}],"version-history":[{"count":1,"href":"https:\/\/vouille86.fr\/mairie\/wp-json\/wp\/v2\/posts\/14404\/revisions"}],"predecessor-version":[{"id":14406,"href":"https:\/\/vouille86.fr\/mairie\/wp-json\/wp\/v2\/posts\/14404\/revisions\/14406"}],"wp:featuredmedia":[{"embeddable":true,"href":"https:\/\/vouille86.fr\/mairie\/wp-json\/wp\/v2\/media\/14405"}],"wp:attachment":[{"href":"https:\/\/vouille86.fr\/mairie\/wp-json\/wp\/v2\/media?parent=14404"}],"wp:term":[{"taxonomy":"category","embeddable":true,"href":"https:\/\/vouille86.fr\/mairie\/wp-json\/wp\/v2\/categories?post=14404"},{"taxonomy":"post_tag","embeddable":true,"href":"https:\/\/vouille86.fr\/mairie\/wp-json\/wp\/v2\/tags?post=14404"}],"curies":[{"name":"wp","href":"https:\/\/api.w.org\/{rel}","templated":true}]}}