{"id":14392,"date":"2026-04-27T15:31:39","date_gmt":"2026-04-27T13:31:39","guid":{"rendered":"https:\/\/vouille86.fr\/mairie\/?p=14392"},"modified":"2026-04-27T15:31:39","modified_gmt":"2026-04-27T13:31:39","slug":"animations-lectures-au-creux-de-loreille","status":"publish","type":"post","link":"https:\/\/vouille86.fr\/mairie\/animations-lectures-au-creux-de-loreille\/","title":{"rendered":"Animations lectures \u00ab\u00a0Au creux de l&rsquo;oreille\u00a0\u00bb"},"content":{"rendered":"<p>16h15-17h00<\/p>\n<p>Des histoires qui ont du chien<\/p>\n<p>Des lectures d\u2019histoires pour entrevoir d\u2019autres vies, apprendre \u00e0 \u00eatre curieux, ouvert d\u2019esprit et comprendre le monde qui nous entoure. En plus de passer un bon moment avec d&rsquo;autres enfants, ces temps d&rsquo;histoires sont des moments privil\u00e9gi\u00e9s o\u00f9 les enfants peuvent laisser aller et stimuler leur imaginaire.Un go\u00fbter sera offert aux participants.Sur inscription pour les 3 ans et plus.Vous pouvez d\u00e9sormais vous inscrire directement en ligne via l\u2019agenda du site internet (et toujours par mail ou t\u00e9l\u00e9phone).<\/p>\n","protected":false},"excerpt":{"rendered":"<p>16h15-17h00 Des histoires qui ont du chien Des lectures d\u2019histoires pour entrevoir d\u2019autres vies, apprendre \u00e0 \u00eatre curieux, ouvert d\u2019esprit et comprendre le monde qui nous entoure. En plus de passer un bon moment avec d&rsquo;autres enfants, ces temps d&rsquo;histoires sont des moments privil\u00e9gi\u00e9s o\u00f9 les enfants peuvent laisser aller et stimuler leur imaginaire.Un go\u00fbter&#8230;<\/p>\n","protected":false},"author":2,"featured_media":6476,"comment_status":"open","ping_status":"open","sticky":false,"template":"","format":"standard","meta":{"_acf_changed":false,"footnotes":""},"categories":[15],"tags":[],"class_list":["post-14392","post","type-post","status-publish","format-standard","has-post-thumbnail","hentry","category-agenda"],"acf":{"date_agenda":"1779840000","date_de_fin":"20260527","heure_agenda":"16:15:00","lieu_agenda":"M\u00e9diath\u00e8que de Vouill\u00e9","tarif_agenda":"Gratuit","contact_agenda":"mediatek2vouille@gmail.com","telephone_agenda":"05-49-54-43-86","site_internet":"https:\/\/bibliotheques-hautpoitou.departement86.fr\/search.aspx?SC=CALENDAR_HAUTPOITOU_PLANNER&QUERY=*#\/Detail\/(query:(Id:'19',Index:20,NBResults:24,PageRange:3,SearchQuery:(CloudTerms:!(),ExceptTotalFacet:!t,FacetFilter:%7B%7D,ForceSearch:!t,HiddenFacetFilter:%7B%7D,InitialSearch:!f,InjectFields:!t,InjectOpenFind:!t,Page:1,PageRange:3,QueryGuid:'34b6b648-823a-4137-8740-eeabd98c18be',QueryString:'*',ResultSize:10,ScenarioCode:CALENDAR_HAUTPOITOU_PLANNER,ScenarioDisplayMode:display-standard,SearchContext:5,SearchGridFieldsShownOnResultsDTO:!(),SearchLabel:'*',SearchTerms:'*',SortField:startDate_date,SortOrder:1,TemplateParams:(Scenario:'',Scope:VOUGLAISIEN,Size:!n,Source:'',Support:'',UseCompact:!f),UseCanvas:!t,UseSpellChecking:!n),TemplateParams:(Scenario:'',Scope:'047',Size:!n,Source:'',Support:'',UseCompact:!f)))"},"_links":{"self":[{"href":"https:\/\/vouille86.fr\/mairie\/wp-json\/wp\/v2\/posts\/14392","targetHints":{"allow":["GET"]}}],"collection":[{"href":"https:\/\/vouille86.fr\/mairie\/wp-json\/wp\/v2\/posts"}],"about":[{"href":"https:\/\/vouille86.fr\/mairie\/wp-json\/wp\/v2\/types\/post"}],"author":[{"embeddable":true,"href":"https:\/\/vouille86.fr\/mairie\/wp-json\/wp\/v2\/users\/2"}],"replies":[{"embeddable":true,"href":"https:\/\/vouille86.fr\/mairie\/wp-json\/wp\/v2\/comments?post=14392"}],"version-history":[{"count":1,"href":"https:\/\/vouille86.fr\/mairie\/wp-json\/wp\/v2\/posts\/14392\/revisions"}],"predecessor-version":[{"id":14396,"href":"https:\/\/vouille86.fr\/mairie\/wp-json\/wp\/v2\/posts\/14392\/revisions\/14396"}],"wp:featuredmedia":[{"embeddable":true,"href":"https:\/\/vouille86.fr\/mairie\/wp-json\/wp\/v2\/media\/6476"}],"wp:attachment":[{"href":"https:\/\/vouille86.fr\/mairie\/wp-json\/wp\/v2\/media?parent=14392"}],"wp:term":[{"taxonomy":"category","embeddable":true,"href":"https:\/\/vouille86.fr\/mairie\/wp-json\/wp\/v2\/categories?post=14392"},{"taxonomy":"post_tag","embeddable":true,"href":"https:\/\/vouille86.fr\/mairie\/wp-json\/wp\/v2\/tags?post=14392"}],"curies":[{"name":"wp","href":"https:\/\/api.w.org\/{rel}","templated":true}]}}