{"id":14389,"date":"2026-04-27T15:22:21","date_gmt":"2026-04-27T13:22:21","guid":{"rendered":"https:\/\/vouille86.fr\/mairie\/?p=14389"},"modified":"2026-04-27T15:22:21","modified_gmt":"2026-04-27T13:22:21","slug":"exposition-de-photographies-plumes-en-couleurs","status":"publish","type":"post","link":"https:\/\/vouille86.fr\/mairie\/exposition-de-photographies-plumes-en-couleurs\/","title":{"rendered":"Exposition de photographies \u00ab\u00a0Plumes en couleurs\u00a0\u00bb"},"content":{"rendered":"<div>Du 18 mai au 6 juin<\/div>\n<div>\n<div>Exposition par Jean-Charles Phemolant (JCEMMA NATURE)<\/div>\n<div>M\u00e9diath\u00e8que de Vouill\u00e9<\/div>\n<div><\/div>\n<div>Ils chantent dans nos jardins, sur nos toits ou au d\u00e9tour d\u2019un chemin. Ces oiseaux familiers d\u00e9voilent des teintes et des d\u00e9tails que l\u2019on ne prend pas toujours le temps d\u2019observer.<\/div>\n<div>Dans le cadre de la F\u00eate de la Nature 2026<\/div>\n<div><\/div>\n<\/div>\n<div><u>Informations pratiques :<br \/>\n<\/u>Entr\u00e9e libre pendant les heures d&rsquo;ouverture de la m\u00e9diath\u00e8que :<br \/>\nlundi 16h-18h30<br \/>\nmardi 10h-12h30 et 16h-18h30<br \/>\nmercredi 9h-12h30 et 14h30-18h30<br \/>\nvendredi 15h-18h30<br \/>\nsamedi 10h-12h30<\/div>\n","protected":false},"excerpt":{"rendered":"<p>Du 18 mai au 6 juin Exposition par Jean-Charles Phemolant (JCEMMA NATURE) M\u00e9diath\u00e8que de Vouill\u00e9 Ils chantent dans nos jardins, sur nos toits ou au d\u00e9tour d\u2019un chemin. Ces oiseaux familiers d\u00e9voilent des teintes et des d\u00e9tails que l\u2019on ne prend pas toujours le temps d\u2019observer. Dans le cadre de la F\u00eate de la Nature&#8230;<\/p>\n","protected":false},"author":2,"featured_media":14390,"comment_status":"open","ping_status":"open","sticky":false,"template":"","format":"standard","meta":{"_acf_changed":false,"footnotes":""},"categories":[15],"tags":[],"class_list":["post-14389","post","type-post","status-publish","format-standard","has-post-thumbnail","hentry","category-agenda"],"acf":{"date_agenda":"1779062400","date_de_fin":"20260606","heure_agenda":"","lieu_agenda":"M\u00e9diath\u00e8que de Vouill\u00e9 2 ter basses rues 86190 Vouill\u00e9\r\n","tarif_agenda":"Entr\u00e9e libre","contact_agenda":"mediatek2vouille@gmail.com","telephone_agenda":"05-49-54-43-86","site_internet":""},"_links":{"self":[{"href":"https:\/\/vouille86.fr\/mairie\/wp-json\/wp\/v2\/posts\/14389","targetHints":{"allow":["GET"]}}],"collection":[{"href":"https:\/\/vouille86.fr\/mairie\/wp-json\/wp\/v2\/posts"}],"about":[{"href":"https:\/\/vouille86.fr\/mairie\/wp-json\/wp\/v2\/types\/post"}],"author":[{"embeddable":true,"href":"https:\/\/vouille86.fr\/mairie\/wp-json\/wp\/v2\/users\/2"}],"replies":[{"embeddable":true,"href":"https:\/\/vouille86.fr\/mairie\/wp-json\/wp\/v2\/comments?post=14389"}],"version-history":[{"count":1,"href":"https:\/\/vouille86.fr\/mairie\/wp-json\/wp\/v2\/posts\/14389\/revisions"}],"predecessor-version":[{"id":14391,"href":"https:\/\/vouille86.fr\/mairie\/wp-json\/wp\/v2\/posts\/14389\/revisions\/14391"}],"wp:featuredmedia":[{"embeddable":true,"href":"https:\/\/vouille86.fr\/mairie\/wp-json\/wp\/v2\/media\/14390"}],"wp:attachment":[{"href":"https:\/\/vouille86.fr\/mairie\/wp-json\/wp\/v2\/media?parent=14389"}],"wp:term":[{"taxonomy":"category","embeddable":true,"href":"https:\/\/vouille86.fr\/mairie\/wp-json\/wp\/v2\/categories?post=14389"},{"taxonomy":"post_tag","embeddable":true,"href":"https:\/\/vouille86.fr\/mairie\/wp-json\/wp\/v2\/tags?post=14389"}],"curies":[{"name":"wp","href":"https:\/\/api.w.org\/{rel}","templated":true}]}}