{"id":14383,"date":"2026-04-27T15:05:56","date_gmt":"2026-04-27T13:05:56","guid":{"rendered":"https:\/\/vouille86.fr\/mairie\/?p=14383"},"modified":"2026-04-27T15:05:56","modified_gmt":"2026-04-27T13:05:56","slug":"atelier-eveil-yoga-des-tout-petits","status":"publish","type":"post","link":"https:\/\/vouille86.fr\/mairie\/atelier-eveil-yoga-des-tout-petits\/","title":{"rendered":"Atelier \u00e9veil : Yoga des tout-petits"},"content":{"rendered":"<p>Atelier anim\u00e9 par Marion Cuviller, professeure de Yoga<\/p>\n<p>10h00-11h00<\/p>\n<p>M\u00e9diath\u00e8que de Vouill\u00e9<\/p>\n<p>Du Yoga pour les tout-petits ? Oui, et c&rsquo;est m\u00eame id\u00e9al pour leur d\u00e9veloppement psycho-moteur !<br \/>\nD\u00e8s leur plus jeune \u00e2ge, les enfants peuvent d\u00e9couvrir le Yoga \u00e0 travers des mouvements ludiques, des histoires, de la respiration et de la relaxation, pour explorer leur corps, leurs sens et leur motricit\u00e9.Venez partager un moment de d\u00e9tente, de tendresse et d&rsquo;amusement.Les doudous sont les bienvenus ! Pr\u00e9voyez d&rsquo;\u00eatre v\u00eatus d&rsquo;une tenue confortable pour bouger.<\/p>\n<p>&nbsp;<\/p>\n","protected":false},"excerpt":{"rendered":"<p>Atelier anim\u00e9 par Marion Cuviller, professeure de Yoga 10h00-11h00 M\u00e9diath\u00e8que de Vouill\u00e9 Du Yoga pour les tout-petits ? Oui, et c&rsquo;est m\u00eame id\u00e9al pour leur d\u00e9veloppement psycho-moteur ! D\u00e8s leur plus jeune \u00e2ge, les enfants peuvent d\u00e9couvrir le Yoga \u00e0 travers des mouvements ludiques, des histoires, de la respiration et de la relaxation, pour explorer&#8230;<\/p>\n","protected":false},"author":2,"featured_media":14384,"comment_status":"open","ping_status":"open","sticky":false,"template":"","format":"standard","meta":{"_acf_changed":false,"footnotes":""},"categories":[15],"tags":[],"class_list":["post-14383","post","type-post","status-publish","format-standard","has-post-thumbnail","hentry","category-agenda"],"acf":{"date_agenda":"1778630400","date_de_fin":"20260513","heure_agenda":"10:00:00","lieu_agenda":"M\u00e9diath\u00e8que","tarif_agenda":"Gratuit sur inscription pour les enfants de 8 mois \u00e0 3 ans.","contact_agenda":"mediatek2vouille@gmail.com","telephone_agenda":"05-49-54-43-86","site_internet":"https:\/\/bibliotheques-hautpoitou.departement86.fr\/"},"_links":{"self":[{"href":"https:\/\/vouille86.fr\/mairie\/wp-json\/wp\/v2\/posts\/14383","targetHints":{"allow":["GET"]}}],"collection":[{"href":"https:\/\/vouille86.fr\/mairie\/wp-json\/wp\/v2\/posts"}],"about":[{"href":"https:\/\/vouille86.fr\/mairie\/wp-json\/wp\/v2\/types\/post"}],"author":[{"embeddable":true,"href":"https:\/\/vouille86.fr\/mairie\/wp-json\/wp\/v2\/users\/2"}],"replies":[{"embeddable":true,"href":"https:\/\/vouille86.fr\/mairie\/wp-json\/wp\/v2\/comments?post=14383"}],"version-history":[{"count":1,"href":"https:\/\/vouille86.fr\/mairie\/wp-json\/wp\/v2\/posts\/14383\/revisions"}],"predecessor-version":[{"id":14385,"href":"https:\/\/vouille86.fr\/mairie\/wp-json\/wp\/v2\/posts\/14383\/revisions\/14385"}],"wp:featuredmedia":[{"embeddable":true,"href":"https:\/\/vouille86.fr\/mairie\/wp-json\/wp\/v2\/media\/14384"}],"wp:attachment":[{"href":"https:\/\/vouille86.fr\/mairie\/wp-json\/wp\/v2\/media?parent=14383"}],"wp:term":[{"taxonomy":"category","embeddable":true,"href":"https:\/\/vouille86.fr\/mairie\/wp-json\/wp\/v2\/categories?post=14383"},{"taxonomy":"post_tag","embeddable":true,"href":"https:\/\/vouille86.fr\/mairie\/wp-json\/wp\/v2\/tags?post=14383"}],"curies":[{"name":"wp","href":"https:\/\/api.w.org\/{rel}","templated":true}]}}