{"id":14382,"date":"2026-04-27T15:17:19","date_gmt":"2026-04-27T13:17:19","guid":{"rendered":"https:\/\/vouille86.fr\/mairie\/?p=14382"},"modified":"2026-04-30T15:34:11","modified_gmt":"2026-04-30T13:34:11","slug":"fete-de-la-nature-les-oiseaux-sont-a-lhonneur","status":"publish","type":"post","link":"https:\/\/vouille86.fr\/mairie\/fete-de-la-nature-les-oiseaux-sont-a-lhonneur\/","title":{"rendered":"F\u00eate de la nature : les oiseaux sont \u00e0 l&rsquo;honneur !"},"content":{"rendered":"<div dir=\"ltr\">\n<div dir=\"ltr\">\n<div>\n<p>C\u00e9l\u00e9brons la nature, et plus particuli\u00e8rement les oiseaux, le mercredi 20 mai de 14h00 \u00e0 17h30 \u00e0 la m\u00e9diath\u00e8que de Vouill\u00e9.<\/p>\n<\/div>\n<\/div>\n<\/div>\n<div dir=\"ltr\">\n<div dir=\"ltr\">\n<div>\n<p>Au programme de nombreuses animations pour toute la famille :<\/p>\n<ul>\n<li><strong>Ateliers de fabrication de nichoirs<\/strong>\u00a0(anim\u00e9s par Bidulenbois), gratuit sur inscription aupr\u00e8s de la m\u00e9diath\u00e8que de 15h30 \u00e0 16h00 ou de 16h30 \u00e0 17h00 (6-11 ans),<\/li>\n<li><strong>Sensibilisation \u00e0 la protection et \u00e0 la sauvegarde de la faune sauvage\u00a0<\/strong><strong>avec le Centre de soin de la faune sauvage poitevine<\/strong>: Que faire lorsque l\u2019on trouve un oiseau bless\u00e9 ? Doit-on nourrir les oiseaux ? jusqu\u2019\u00e0 quelle saison ? Une b\u00e9n\u00e9vole de l\u2019association du Centre de soins de la Faune Sauvage Poitevine r\u00e9pondra \u00e0 vos interrogations.<\/li>\n<li><strong>Jeux ludiques<\/strong>\u00a0sur le th\u00e8me de la nature et des oiseaux : testez vos connaissances en famille !<\/li>\n<li><strong>Sensibilisation \u00e0 la protection du busard cendr\u00e9<\/strong> par l&rsquo;Association \u00ab\u00a0Les oiseaux de Boivre-la-Vall\u00e9e\u00a0\u00bb : d\u00e9couvrez le busard cendr\u00e9, \u00e9l\u00e9gant rapace qui vit dans les champs de c\u00e9r\u00e9ales de la commune de Vouill\u00e9. Projection en continu du documentation \u00ab\u00a0un busard sur la paille\u00a0\u00bb qui raconte la vie du busard cendr\u00e9 pr\u00e9sent dans nos plaines Vouglaisiennes au printemps, jusqu\u2019\u00e0 son d\u00e9part pour l\u2019Afrique \u00e0 la fin de l\u2019\u00e9t\u00e9. Des b\u00e9n\u00e9voles et des agriculteurs prot\u00e8gent chaque ann\u00e9e les nich\u00e9es de ce grand migrateur.<\/li>\n<li><strong>Exposition photos \u00ab\u00a0Plumes en couleurs\u00a0\u00bb<\/strong>\u00a0par Jean-Charles Phemolant&#8230;et d&rsquo;autres surprises !<\/li>\n<\/ul>\n<p>Un go\u00fbter sera offert aux participants \u00e0 16h00.<\/p>\n<\/div>\n<\/div>\n<\/div>\n<div dir=\"ltr\">\n<div dir=\"ltr\">\n<div>\n<p>Les animations sont organis\u00e9es par la Commune de Vouill\u00e9 en partenariat avec Vienne Nature, le Centre de soin de la faune sauvage poitevine, l&rsquo;association \u00ab\u00a0Les oiseaux de Boivre la Vall\u00e9e\u00a0\u00bb et la Ligue pour la protection des oiseaux.<\/p>\n<\/div>\n<\/div>\n<\/div>\n","protected":false},"excerpt":{"rendered":"<p>C\u00e9l\u00e9brons la nature, et plus particuli\u00e8rement les oiseaux, le mercredi 20 mai de 14h00 \u00e0 17h30 \u00e0 la m\u00e9diath\u00e8que de Vouill\u00e9. Au programme de nombreuses animations pour toute la famille : Ateliers de fabrication de nichoirs\u00a0(anim\u00e9s par Bidulenbois), gratuit sur inscription aupr\u00e8s de la m\u00e9diath\u00e8que de 15h30 \u00e0 16h00 ou de 16h30 \u00e0 17h00 (6-11&#8230;<\/p>\n","protected":false},"author":2,"featured_media":14387,"comment_status":"open","ping_status":"open","sticky":false,"template":"","format":"standard","meta":{"_acf_changed":false,"footnotes":""},"categories":[15],"tags":[],"class_list":["post-14382","post","type-post","status-publish","format-standard","has-post-thumbnail","hentry","category-agenda"],"acf":{"date_agenda":"1779235200","date_de_fin":"20260520","heure_agenda":"14:00:00","lieu_agenda":"M\u00e9diath\u00e8que","tarif_agenda":"Gratuit (ateliers sur inscription)","contact_agenda":"mediatek2vouille@gmail.com","telephone_agenda":"05-49-54-43-86","site_internet":""},"_links":{"self":[{"href":"https:\/\/vouille86.fr\/mairie\/wp-json\/wp\/v2\/posts\/14382","targetHints":{"allow":["GET"]}}],"collection":[{"href":"https:\/\/vouille86.fr\/mairie\/wp-json\/wp\/v2\/posts"}],"about":[{"href":"https:\/\/vouille86.fr\/mairie\/wp-json\/wp\/v2\/types\/post"}],"author":[{"embeddable":true,"href":"https:\/\/vouille86.fr\/mairie\/wp-json\/wp\/v2\/users\/2"}],"replies":[{"embeddable":true,"href":"https:\/\/vouille86.fr\/mairie\/wp-json\/wp\/v2\/comments?post=14382"}],"version-history":[{"count":8,"href":"https:\/\/vouille86.fr\/mairie\/wp-json\/wp\/v2\/posts\/14382\/revisions"}],"predecessor-version":[{"id":14434,"href":"https:\/\/vouille86.fr\/mairie\/wp-json\/wp\/v2\/posts\/14382\/revisions\/14434"}],"wp:featuredmedia":[{"embeddable":true,"href":"https:\/\/vouille86.fr\/mairie\/wp-json\/wp\/v2\/media\/14387"}],"wp:attachment":[{"href":"https:\/\/vouille86.fr\/mairie\/wp-json\/wp\/v2\/media?parent=14382"}],"wp:term":[{"taxonomy":"category","embeddable":true,"href":"https:\/\/vouille86.fr\/mairie\/wp-json\/wp\/v2\/categories?post=14382"},{"taxonomy":"post_tag","embeddable":true,"href":"https:\/\/vouille86.fr\/mairie\/wp-json\/wp\/v2\/tags?post=14382"}],"curies":[{"name":"wp","href":"https:\/\/api.w.org\/{rel}","templated":true}]}}