{"id":14367,"date":"2026-04-27T11:15:19","date_gmt":"2026-04-27T09:15:19","guid":{"rendered":"https:\/\/vouille86.fr\/mairie\/?p=14367"},"modified":"2026-04-27T11:46:41","modified_gmt":"2026-04-27T09:46:41","slug":"conseil-municipal-5","status":"publish","type":"post","link":"https:\/\/vouille86.fr\/mairie\/conseil-municipal-5\/","title":{"rendered":"Conseil municipal"},"content":{"rendered":"<p><strong><u>ORDRE DU JOUR<\/u><\/strong><\/p>\n<p>Adoption du Proc\u00e8s-Verbal de la r\u00e9union du Conseil Municipal du mardi 31 mars 2026<\/p>\n<p>D\u00e9cisions prises par Monsieur le Maire par d\u00e9l\u00e9gation de comp\u00e9tence du Conseil Municipal<\/p>\n<p><strong><u>1 \u2013 FINANCES<\/u><\/strong><\/p>\n<ul>\n<li>Approbation du Compte Financier Unique de l\u2019exercice 2025<\/li>\n<li>Fongibilit\u00e9 des cr\u00e9dits budg\u00e9taires dans le cadre de l\u2019application de la nomenclature comptable M57<\/li>\n<li>D\u00e9signation des membres de la Commission Communale des Imp\u00f4ts Directs<\/li>\n<\/ul>\n<p><strong><u>2 \u2013 RESSOURCES HUMAINES<\/u><\/strong><\/p>\n<p>D\u00e9lib\u00e9ration portant cr\u00e9ation d\u2019emplois non permanents dans le cadre d\u2019un accroissement saisonnier d\u2019activit\u00e9<\/p>\n<p><strong><u>3 \u2013 AFFAIRES GENERALES<\/u><\/strong><\/p>\n<p>D\u00e9signation d\u2019un r\u00e9f\u00e9rent d\u00e9ontologue<\/p>\n<ul>\n<li>Convention mise \u00e0 disposition de b\u00e2timents pour la pratique d&rsquo;exercices ou de stages par le SDIS<\/li>\n<li>Motion de soutien vis-\u00e0-vis de la Mutualit\u00e9 Sociale Agricole (MSA)<\/li>\n<\/ul>\n","protected":false},"excerpt":{"rendered":"<p>ORDRE DU JOUR Adoption du Proc\u00e8s-Verbal de la r\u00e9union du Conseil Municipal du mardi 31 mars 2026 D\u00e9cisions prises par Monsieur le Maire par d\u00e9l\u00e9gation de comp\u00e9tence du Conseil Municipal 1 \u2013 FINANCES Approbation du Compte Financier Unique de l\u2019exercice 2025 Fongibilit\u00e9 des cr\u00e9dits budg\u00e9taires dans le cadre de l\u2019application de la nomenclature comptable M57&#8230;<\/p>\n","protected":false},"author":2,"featured_media":7399,"comment_status":"open","ping_status":"open","sticky":false,"template":"","format":"standard","meta":{"_acf_changed":false,"footnotes":""},"categories":[15],"tags":[],"class_list":["post-14367","post","type-post","status-publish","format-standard","has-post-thumbnail","hentry","category-agenda"],"acf":{"date_agenda":"1777334400","date_de_fin":"20260428","heure_agenda":"19:00:00","lieu_agenda":"Mairie","tarif_agenda":"","contact_agenda":"","telephone_agenda":"","site_internet":""},"_links":{"self":[{"href":"https:\/\/vouille86.fr\/mairie\/wp-json\/wp\/v2\/posts\/14367","targetHints":{"allow":["GET"]}}],"collection":[{"href":"https:\/\/vouille86.fr\/mairie\/wp-json\/wp\/v2\/posts"}],"about":[{"href":"https:\/\/vouille86.fr\/mairie\/wp-json\/wp\/v2\/types\/post"}],"author":[{"embeddable":true,"href":"https:\/\/vouille86.fr\/mairie\/wp-json\/wp\/v2\/users\/2"}],"replies":[{"embeddable":true,"href":"https:\/\/vouille86.fr\/mairie\/wp-json\/wp\/v2\/comments?post=14367"}],"version-history":[{"count":1,"href":"https:\/\/vouille86.fr\/mairie\/wp-json\/wp\/v2\/posts\/14367\/revisions"}],"predecessor-version":[{"id":14368,"href":"https:\/\/vouille86.fr\/mairie\/wp-json\/wp\/v2\/posts\/14367\/revisions\/14368"}],"wp:featuredmedia":[{"embeddable":true,"href":"https:\/\/vouille86.fr\/mairie\/wp-json\/wp\/v2\/media\/7399"}],"wp:attachment":[{"href":"https:\/\/vouille86.fr\/mairie\/wp-json\/wp\/v2\/media?parent=14367"}],"wp:term":[{"taxonomy":"category","embeddable":true,"href":"https:\/\/vouille86.fr\/mairie\/wp-json\/wp\/v2\/categories?post=14367"},{"taxonomy":"post_tag","embeddable":true,"href":"https:\/\/vouille86.fr\/mairie\/wp-json\/wp\/v2\/tags?post=14367"}],"curies":[{"name":"wp","href":"https:\/\/api.w.org\/{rel}","templated":true}]}}