{"id":14360,"date":"2026-04-27T11:00:24","date_gmt":"2026-04-27T09:00:24","guid":{"rendered":"https:\/\/vouille86.fr\/mairie\/?p=14360"},"modified":"2026-04-27T11:13:38","modified_gmt":"2026-04-27T09:13:38","slug":"inscriptions-ecole-elementaire-publique-petit-bois","status":"publish","type":"post","link":"https:\/\/vouille86.fr\/mairie\/inscriptions-ecole-elementaire-publique-petit-bois\/","title":{"rendered":"Inscriptions \u00e9cole \u00e9l\u00e9mentaire publique Petit Bois"},"content":{"rendered":"<p>Pour inscrire les enfants \u00e0 l\u2019\u00e9cole \u00e9l\u00e9mentaire du Petit Bois, du CP au CM2, pour la rentr\u00e9e de septembre 2026, il est n\u00e9cessaire de proc\u00e9der selon les \u00e9tapes suivantes :<\/p>\n<p><strong>Une premi\u00e8re inscription aupr\u00e8s de la Mairie de Vouill\u00e9 est n\u00e9cessaire si vous venez d\u2019une commune autre que Vouill\u00e9 ou si votre enfant est scolaris\u00e9 dans une \u00e9cole priv\u00e9e :<\/strong><\/p>\n<ul>\n<li>La fiche d\u2019inscription suivante compl\u00e9t\u00e9e :\u00a0<a href=\"https:\/\/vouille86.fr\/mairie\/wp-content\/uploads\/2026\/04\/Fiche-pre-inscription-ecole-primaire.pdf\" target=\"_blank\" rel=\"noopener\">Fiche-pre-inscription-ecole-primaire<\/a><\/li>\n<li>Information protection des donn\u00e9es \u00e0 caract\u00e8re personnel :\u00a0<a href=\"https:\/\/vouille86.fr\/mairie\/wp-content\/uploads\/2022\/03\/Information-protection-des-donnees-a-caractere-personnel.pdf\" target=\"_blank\" rel=\"noopener\">Information-protection-des-donne\u0301es-a\u0300-caracte\u0300re-personnel<\/a><\/li>\n<li>Fiche d\u2019inscription aux\u00a0<a href=\"https:\/\/vouille86.fr\/mairie\/wp-content\/uploads\/2025\/07\/Fiche-de-renseignements-Services-periscolaires-2025-2026.pdf\">services p\u00e9riscolaires 2025-2026<\/a>\u00a0(garderie et restauration scolaire) :<\/li>\n<li>Copie du livret de famille (pages parents et enfants)<\/li>\n<li>Un justificatif de domicile datant de moins de 3 mois<\/li>\n<\/ul>\n<ul>\n<li>Le certificat de radiation (si changement d\u2019\u00e9cole)<\/li>\n<li>Copie des pages de vaccinations du carnet de sant\u00e9 (ne pas oublier la premi\u00e8re page avec le nom et pr\u00e9nom de l\u2019enfant)<\/li>\n<\/ul>\n<p><strong>Une seconde inscription est \u00e0 faire aupr\u00e8s de la directrice, Mme KIENER HABRIOUX.<\/strong> Ces inscriptions se feront le\u00a0<strong>lundi 15 juin 2026, de 14h \u00e0 19h<\/strong>. Il est n\u00e9cessaire de\u00a0<strong>prendre RDV au 05 49 51 48 58<\/strong>. Un cr\u00e9neau vous sera alors propos\u00e9 pour l\u2019inscription puis vous pourrez \u00e9changer avec des enseignants pr\u00e9sents qui vous accueilleront.<\/p>\n<p>Le jour du rendez-vous, les familles devront se munir des documents suivants:<\/p>\n<ul>\n<li>Le carnet de sant\u00e9 de l\u2019enfant<\/li>\n<li>Le livret de famille<\/li>\n<li>Le certificat de radiation pour les \u00e9l\u00e8ves venant d\u2019une \u00e9cole publique autre que Vouill\u00e9 ou d\u2019une \u00e9cole priv\u00e9e. Pour les \u00e9l\u00e8ves provenant de l\u2019\u00e9cole maternelle de Vouill\u00e9 les certificats seront transmis directement \u00e0 l\u2019\u00e9cole \u00e9l\u00e9mentaire.<\/li>\n<\/ul>\n<p>M\u00eame si cette date est \u00e0 privil\u00e9gier, les inscriptions ne sont pas limit\u00e9es au 15 juin 2026, elles peuvent se faire sur d\u2019autres dates. N\u2019h\u00e9sitez pas \u00e0 contacter l\u2019\u00e9cole.<\/p>\n<h6>Plus d\u2019informations sur l\u2019\u00e9cole \u00e9l\u00e9mentaire, consultez la page \u00ab\u00a0<a href=\"https:\/\/vouille86.fr\/mairie\/etablissements-scolaires\/\" target=\"_blank\" rel=\"noopener\">\u00e9tablissements scolaires\u00a0\u00bb<\/a><\/h6>\n<p><a href=\"https:\/\/vouille86.fr\/mairie\/ecole-inscription-scolaire\/\">Ecole : inscription scolaire<\/a><\/p>\n<p><a href=\"https:\/\/vouille86.fr\/mairie\/wp-content\/uploads\/2026\/04\/Inscriptions-Ecole-elementaire-de-Vouille-rentree-2026.pdf\">Inscriptions Ecole \u00e9l\u00e9mentaire de Vouill\u00e9 rentr\u00e9e 2026<\/a><\/p>\n","protected":false},"excerpt":{"rendered":"<p>Pour inscrire les enfants \u00e0 l\u2019\u00e9cole \u00e9l\u00e9mentaire du Petit Bois, du CP au CM2, pour la rentr\u00e9e de septembre 2026, il est n\u00e9cessaire de proc\u00e9der selon les \u00e9tapes suivantes : Une premi\u00e8re inscription aupr\u00e8s de la Mairie de Vouill\u00e9 est n\u00e9cessaire si vous venez d\u2019une commune autre que Vouill\u00e9 ou si votre enfant est scolaris\u00e9&#8230;<\/p>\n","protected":false},"author":2,"featured_media":3784,"comment_status":"open","ping_status":"open","sticky":false,"template":"","format":"standard","meta":{"_acf_changed":false,"footnotes":""},"categories":[15],"tags":[],"class_list":["post-14360","post","type-post","status-publish","format-standard","has-post-thumbnail","hentry","category-agenda"],"acf":{"date_agenda":"1781481600","date_de_fin":"20260615","heure_agenda":"14:00:00","lieu_agenda":"Rue de Braunsbach","tarif_agenda":"","contact_agenda":"","telephone_agenda":"05 49 51 48 58","site_internet":""},"_links":{"self":[{"href":"https:\/\/vouille86.fr\/mairie\/wp-json\/wp\/v2\/posts\/14360","targetHints":{"allow":["GET"]}}],"collection":[{"href":"https:\/\/vouille86.fr\/mairie\/wp-json\/wp\/v2\/posts"}],"about":[{"href":"https:\/\/vouille86.fr\/mairie\/wp-json\/wp\/v2\/types\/post"}],"author":[{"embeddable":true,"href":"https:\/\/vouille86.fr\/mairie\/wp-json\/wp\/v2\/users\/2"}],"replies":[{"embeddable":true,"href":"https:\/\/vouille86.fr\/mairie\/wp-json\/wp\/v2\/comments?post=14360"}],"version-history":[{"count":1,"href":"https:\/\/vouille86.fr\/mairie\/wp-json\/wp\/v2\/posts\/14360\/revisions"}],"predecessor-version":[{"id":14362,"href":"https:\/\/vouille86.fr\/mairie\/wp-json\/wp\/v2\/posts\/14360\/revisions\/14362"}],"wp:featuredmedia":[{"embeddable":true,"href":"https:\/\/vouille86.fr\/mairie\/wp-json\/wp\/v2\/media\/3784"}],"wp:attachment":[{"href":"https:\/\/vouille86.fr\/mairie\/wp-json\/wp\/v2\/media?parent=14360"}],"wp:term":[{"taxonomy":"category","embeddable":true,"href":"https:\/\/vouille86.fr\/mairie\/wp-json\/wp\/v2\/categories?post=14360"},{"taxonomy":"post_tag","embeddable":true,"href":"https:\/\/vouille86.fr\/mairie\/wp-json\/wp\/v2\/tags?post=14360"}],"curies":[{"name":"wp","href":"https:\/\/api.w.org\/{rel}","templated":true}]}}