{"id":14322,"date":"2026-04-20T11:08:10","date_gmt":"2026-04-20T09:08:10","guid":{"rendered":"https:\/\/vouille86.fr\/mairie\/?p=14322"},"modified":"2026-04-20T11:08:10","modified_gmt":"2026-04-20T09:08:10","slug":"ceremonie-de-commemoration-en-memoire-de-la-fin-de-la-seconde-guerre-mondiale-1939-1945","status":"publish","type":"post","link":"https:\/\/vouille86.fr\/mairie\/ceremonie-de-commemoration-en-memoire-de-la-fin-de-la-seconde-guerre-mondiale-1939-1945\/","title":{"rendered":"C\u00e9r\u00e9monie de comm\u00e9moration en m\u00e9moire de la fin de la Seconde Guerre mondiale (1939-1945)"},"content":{"rendered":"<div class=\"xdj266r x14z9mp xat24cr x1lziwak x1vvkbs x126k92a\">\n<div dir=\"auto\">VOUILL\u00c9<\/div>\n<\/div>\n<div class=\"x14z9mp xat24cr x1lziwak x1vvkbs xtlvy1s x126k92a\">\n<div dir=\"auto\">10h00 : d\u00e9but de la c\u00e9r\u00e9monie au Monument aux Morts.<\/div>\n<div dir=\"auto\">D\u00e9placement au cimeti\u00e8re de Vouill\u00e9.<\/div>\n<div dir=\"auto\">FROZES<\/div>\n<div dir=\"auto\">11h\/11h15 : d\u00e9part du d\u00e9fil\u00e9 cour de la ferme.<\/div>\n<div dir=\"auto\">C\u00e9r\u00e9monie au Monument aux Morts.<\/div>\n<\/div>\n<div class=\"x14z9mp xat24cr x1lziwak x1vvkbs xtlvy1s x126k92a\">\n<div dir=\"auto\">12h30 : Repas au Cheval Blanc \u00e0 Vouill\u00e9. R\u00e9servation jusqu\u2019au 1er mai aupr\u00e8s de M. CHEVALIER : 06 88 47 88 62 ou \u00e0 jean-claude.chevalier41@orange.fr<\/div>\n<div dir=\"auto\">Ch\u00e8que \u00e0 l\u2019ordre du Cheval Blanc.<\/div>\n<\/div>\n","protected":false},"excerpt":{"rendered":"<p>VOUILL\u00c9 10h00 : d\u00e9but de la c\u00e9r\u00e9monie au Monument aux Morts. D\u00e9placement au cimeti\u00e8re de Vouill\u00e9. FROZES 11h\/11h15 : d\u00e9part du d\u00e9fil\u00e9 cour de la ferme. C\u00e9r\u00e9monie au Monument aux Morts. 12h30 : Repas au Cheval Blanc \u00e0 Vouill\u00e9. R\u00e9servation jusqu\u2019au 1er mai aupr\u00e8s de M. CHEVALIER : 06 88 47 88 62 ou \u00e0&#8230;<\/p>\n","protected":false},"author":2,"featured_media":5698,"comment_status":"open","ping_status":"open","sticky":false,"template":"","format":"standard","meta":{"_acf_changed":false,"footnotes":""},"categories":[15],"tags":[],"class_list":["post-14322","post","type-post","status-publish","format-standard","has-post-thumbnail","hentry","category-agenda"],"acf":{"date_agenda":"1778198400","date_de_fin":"20260508","heure_agenda":"10:00:00","lieu_agenda":"Monument aux Morts, rue Clovis","tarif_agenda":"Non renseign\u00e9","contact_agenda":"","telephone_agenda":"","site_internet":""},"_links":{"self":[{"href":"https:\/\/vouille86.fr\/mairie\/wp-json\/wp\/v2\/posts\/14322","targetHints":{"allow":["GET"]}}],"collection":[{"href":"https:\/\/vouille86.fr\/mairie\/wp-json\/wp\/v2\/posts"}],"about":[{"href":"https:\/\/vouille86.fr\/mairie\/wp-json\/wp\/v2\/types\/post"}],"author":[{"embeddable":true,"href":"https:\/\/vouille86.fr\/mairie\/wp-json\/wp\/v2\/users\/2"}],"replies":[{"embeddable":true,"href":"https:\/\/vouille86.fr\/mairie\/wp-json\/wp\/v2\/comments?post=14322"}],"version-history":[{"count":1,"href":"https:\/\/vouille86.fr\/mairie\/wp-json\/wp\/v2\/posts\/14322\/revisions"}],"predecessor-version":[{"id":14323,"href":"https:\/\/vouille86.fr\/mairie\/wp-json\/wp\/v2\/posts\/14322\/revisions\/14323"}],"wp:featuredmedia":[{"embeddable":true,"href":"https:\/\/vouille86.fr\/mairie\/wp-json\/wp\/v2\/media\/5698"}],"wp:attachment":[{"href":"https:\/\/vouille86.fr\/mairie\/wp-json\/wp\/v2\/media?parent=14322"}],"wp:term":[{"taxonomy":"category","embeddable":true,"href":"https:\/\/vouille86.fr\/mairie\/wp-json\/wp\/v2\/categories?post=14322"},{"taxonomy":"post_tag","embeddable":true,"href":"https:\/\/vouille86.fr\/mairie\/wp-json\/wp\/v2\/tags?post=14322"}],"curies":[{"name":"wp","href":"https:\/\/api.w.org\/{rel}","templated":true}]}}