{"id":14250,"date":"2026-03-27T11:14:37","date_gmt":"2026-03-27T10:14:37","guid":{"rendered":"https:\/\/vouille86.fr\/mairie\/?p=14250"},"modified":"2026-03-27T11:14:37","modified_gmt":"2026-03-27T10:14:37","slug":"au-creux-de-loreille-animation-lectures","status":"publish","type":"post","link":"https:\/\/vouille86.fr\/mairie\/au-creux-de-loreille-animation-lectures\/","title":{"rendered":"Au creux de l&rsquo;oreille (animation lectures)"},"content":{"rendered":"<p>Mercredi 8 avril : 16h15-17h00<\/p>\n<p>Des lectures d\u2019histoires pour entrevoir d\u2019autres vies, apprendre \u00e0 \u00eatre curieux, ouvert d\u2019esprit et comprendre le monde qui nous entoure. En plus de passer un bon moment avec d&rsquo;autres enfants, ces temps d&rsquo;histoires sont des moments privil\u00e9gi\u00e9s o\u00f9 les enfants peuvent laisser aller et stimuler leur imaginaire.Un go\u00fbter sera offert aux participants.<\/p>\n<p>Sur inscription pour les 3 ans et plus.<\/p>\n<p>Vous pouvez d\u00e9sormais vous inscrire directement en ligne via l\u2019agenda du site internet des biblioth\u00e8ques du Haut-Poitou (et toujours par mail ou t\u00e9l\u00e9phone).<\/p>\n","protected":false},"excerpt":{"rendered":"<p>Mercredi 8 avril : 16h15-17h00 Des lectures d\u2019histoires pour entrevoir d\u2019autres vies, apprendre \u00e0 \u00eatre curieux, ouvert d\u2019esprit et comprendre le monde qui nous entoure. En plus de passer un bon moment avec d&rsquo;autres enfants, ces temps d&rsquo;histoires sont des moments privil\u00e9gi\u00e9s o\u00f9 les enfants peuvent laisser aller et stimuler leur imaginaire.Un go\u00fbter sera offert&#8230;<\/p>\n","protected":false},"author":2,"featured_media":6480,"comment_status":"open","ping_status":"open","sticky":false,"template":"","format":"standard","meta":{"_acf_changed":false,"footnotes":""},"categories":[],"tags":[],"class_list":["post-14250","post","type-post","status-publish","format-standard","has-post-thumbnail","hentry"],"acf":[],"_links":{"self":[{"href":"https:\/\/vouille86.fr\/mairie\/wp-json\/wp\/v2\/posts\/14250","targetHints":{"allow":["GET"]}}],"collection":[{"href":"https:\/\/vouille86.fr\/mairie\/wp-json\/wp\/v2\/posts"}],"about":[{"href":"https:\/\/vouille86.fr\/mairie\/wp-json\/wp\/v2\/types\/post"}],"author":[{"embeddable":true,"href":"https:\/\/vouille86.fr\/mairie\/wp-json\/wp\/v2\/users\/2"}],"replies":[{"embeddable":true,"href":"https:\/\/vouille86.fr\/mairie\/wp-json\/wp\/v2\/comments?post=14250"}],"version-history":[{"count":1,"href":"https:\/\/vouille86.fr\/mairie\/wp-json\/wp\/v2\/posts\/14250\/revisions"}],"predecessor-version":[{"id":14251,"href":"https:\/\/vouille86.fr\/mairie\/wp-json\/wp\/v2\/posts\/14250\/revisions\/14251"}],"wp:featuredmedia":[{"embeddable":true,"href":"https:\/\/vouille86.fr\/mairie\/wp-json\/wp\/v2\/media\/6480"}],"wp:attachment":[{"href":"https:\/\/vouille86.fr\/mairie\/wp-json\/wp\/v2\/media?parent=14250"}],"wp:term":[{"taxonomy":"category","embeddable":true,"href":"https:\/\/vouille86.fr\/mairie\/wp-json\/wp\/v2\/categories?post=14250"},{"taxonomy":"post_tag","embeddable":true,"href":"https:\/\/vouille86.fr\/mairie\/wp-json\/wp\/v2\/tags?post=14250"}],"curies":[{"name":"wp","href":"https:\/\/api.w.org\/{rel}","templated":true}]}}