{"id":13164,"date":"2025-07-03T09:00:42","date_gmt":"2025-07-03T07:00:42","guid":{"rendered":"https:\/\/vouille86.fr\/mairie\/?p=13164"},"modified":"2025-07-03T08:48:23","modified_gmt":"2025-07-03T06:48:23","slug":"enquete-publique-plu","status":"publish","type":"post","link":"https:\/\/vouille86.fr\/mairie\/enquete-publique-plu\/","title":{"rendered":"Enqu\u00eate publique relative \u00e0 la modification du Plan Local d&rsquo;Urbanisme de Vouill\u00e9"},"content":{"rendered":"<p>L&rsquo;enqu\u00eate publique se d\u00e9roulera du 3 juillet 2025 9h00 au 18 juillet 2025 17h00.<\/p>\n<p>Les permanences du commissaire enqu\u00eateur en mairie de Vouill\u00e9 auront lieu le jeudi 3 juillet 2025 de 9h00 \u00e0 12h00 et le vendredi 18 juillet 2025 de 14h00 \u00e0 17h00.<\/p>\n","protected":false},"excerpt":{"rendered":"<p>L&rsquo;enqu\u00eate publique se d\u00e9roulera du 3 juillet 2025 9h00 au 18 juillet 2025 17h00. Les permanences du commissaire enqu\u00eateur en mairie de Vouill\u00e9 auront lieu le jeudi 3 juillet 2025 de 9h00 \u00e0 12h00 et le vendredi 18 juillet 2025 de 14h00 \u00e0 17h00.<\/p>\n","protected":false},"author":2,"featured_media":0,"comment_status":"open","ping_status":"open","sticky":false,"template":"","format":"standard","meta":{"_acf_changed":false,"footnotes":""},"categories":[14],"tags":[],"class_list":["post-13164","post","type-post","status-publish","format-standard","hentry","category-actualite"],"acf":[],"_links":{"self":[{"href":"https:\/\/vouille86.fr\/mairie\/wp-json\/wp\/v2\/posts\/13164","targetHints":{"allow":["GET"]}}],"collection":[{"href":"https:\/\/vouille86.fr\/mairie\/wp-json\/wp\/v2\/posts"}],"about":[{"href":"https:\/\/vouille86.fr\/mairie\/wp-json\/wp\/v2\/types\/post"}],"author":[{"embeddable":true,"href":"https:\/\/vouille86.fr\/mairie\/wp-json\/wp\/v2\/users\/2"}],"replies":[{"embeddable":true,"href":"https:\/\/vouille86.fr\/mairie\/wp-json\/wp\/v2\/comments?post=13164"}],"version-history":[{"count":2,"href":"https:\/\/vouille86.fr\/mairie\/wp-json\/wp\/v2\/posts\/13164\/revisions"}],"predecessor-version":[{"id":13166,"href":"https:\/\/vouille86.fr\/mairie\/wp-json\/wp\/v2\/posts\/13164\/revisions\/13166"}],"wp:attachment":[{"href":"https:\/\/vouille86.fr\/mairie\/wp-json\/wp\/v2\/media?parent=13164"}],"wp:term":[{"taxonomy":"category","embeddable":true,"href":"https:\/\/vouille86.fr\/mairie\/wp-json\/wp\/v2\/categories?post=13164"},{"taxonomy":"post_tag","embeddable":true,"href":"https:\/\/vouille86.fr\/mairie\/wp-json\/wp\/v2\/tags?post=13164"}],"curies":[{"name":"wp","href":"https:\/\/api.w.org\/{rel}","templated":true}]}}