{"id":10896,"date":"2023-09-22T16:37:47","date_gmt":"2023-09-22T14:37:47","guid":{"rendered":"https:\/\/vouille86.fr\/mairie\/?p=10896"},"modified":"2023-09-22T16:37:47","modified_gmt":"2023-09-22T14:37:47","slug":"installation-de-panneaux-pedagogiques-sur-les-captages-de-lauxances","status":"publish","type":"post","link":"https:\/\/vouille86.fr\/mairie\/installation-de-panneaux-pedagogiques-sur-les-captages-de-lauxances\/","title":{"rendered":"Installation de panneaux p\u00e9dagogiques sur les captages de l\u2019Auxances"},"content":{"rendered":"<p>Depuis fin septembre, les visiteurs en balade au parc de la Gorande et sur le site de la zone humide de Gadiot ont pu d\u00e9couvrir de nouveaux panneaux p\u00e9dagogiques. Cette initiative port\u00e9e par Eaux de Vienne-Siveer, ainsi que par la Commune de Vouill\u00e9 et Grand Poitiers, a pour objectif de sensibiliser durablement le grand public aux enjeux de protection de la ressource en eau sur les captages prioritaires et sensibles de l\u2019Auxances.<\/p>\n<p>Le parcours de randonn\u00e9e sur le th\u00e8me de l\u2019eau s\u2019\u00e9tend du captage de la piscine de Vouill\u00e9 jusqu\u2019aux captages de Moulin Neuf en passant par Vaux, Ravard et Verneuil. A chaque \u00e9tape, les promeneurs sont inform\u00e9s des actions entreprises dans le cadre du programme Re-Sources d\u2019Eaux de Vienne pour pr\u00e9server la qualit\u00e9 de l\u2019eau, prot\u00e9ger les milieux et la ressource en eau.<\/p>\n<p>Ce parcours a b\u00e9n\u00e9fici\u00e9 du soutien financier de l\u2019Agence de l\u2019Eau Loire-Bretagne, la R\u00e9gion Nouvelle-Aquitaine, Eaux de Vienne-Siveer et Grand Poitiers.<\/p>\n","protected":false},"excerpt":{"rendered":"<p>Depuis fin septembre, les visiteurs en balade au parc de la Gorande et sur le site de la zone humide de Gadiot ont pu d\u00e9couvrir de nouveaux panneaux p\u00e9dagogiques. Cette initiative port\u00e9e par Eaux de Vienne-Siveer, ainsi que par la Commune de Vouill\u00e9 et Grand Poitiers, a pour objectif de sensibiliser durablement le grand public&#8230;<\/p>\n","protected":false},"author":2,"featured_media":10897,"comment_status":"open","ping_status":"open","sticky":false,"template":"","format":"standard","meta":{"_acf_changed":false,"footnotes":""},"categories":[14],"tags":[],"class_list":["post-10896","post","type-post","status-publish","format-standard","has-post-thumbnail","hentry","category-actualite"],"acf":[],"_links":{"self":[{"href":"https:\/\/vouille86.fr\/mairie\/wp-json\/wp\/v2\/posts\/10896","targetHints":{"allow":["GET"]}}],"collection":[{"href":"https:\/\/vouille86.fr\/mairie\/wp-json\/wp\/v2\/posts"}],"about":[{"href":"https:\/\/vouille86.fr\/mairie\/wp-json\/wp\/v2\/types\/post"}],"author":[{"embeddable":true,"href":"https:\/\/vouille86.fr\/mairie\/wp-json\/wp\/v2\/users\/2"}],"replies":[{"embeddable":true,"href":"https:\/\/vouille86.fr\/mairie\/wp-json\/wp\/v2\/comments?post=10896"}],"version-history":[{"count":1,"href":"https:\/\/vouille86.fr\/mairie\/wp-json\/wp\/v2\/posts\/10896\/revisions"}],"predecessor-version":[{"id":10898,"href":"https:\/\/vouille86.fr\/mairie\/wp-json\/wp\/v2\/posts\/10896\/revisions\/10898"}],"wp:featuredmedia":[{"embeddable":true,"href":"https:\/\/vouille86.fr\/mairie\/wp-json\/wp\/v2\/media\/10897"}],"wp:attachment":[{"href":"https:\/\/vouille86.fr\/mairie\/wp-json\/wp\/v2\/media?parent=10896"}],"wp:term":[{"taxonomy":"category","embeddable":true,"href":"https:\/\/vouille86.fr\/mairie\/wp-json\/wp\/v2\/categories?post=10896"},{"taxonomy":"post_tag","embeddable":true,"href":"https:\/\/vouille86.fr\/mairie\/wp-json\/wp\/v2\/tags?post=10896"}],"curies":[{"name":"wp","href":"https:\/\/api.w.org\/{rel}","templated":true}]}}